{"id":324,"date":"2023-10-26T18:55:49","date_gmt":"2023-10-26T16:55:49","guid":{"rendered":"https:\/\/olaciernioch.com\/?p=324"},"modified":"2024-07-26T18:59:11","modified_gmt":"2024-07-26T16:59:11","slug":"feelings","status":"publish","type":"post","link":"https:\/\/olaciernioch.com\/pl\/2023\/10\/26\/feelings\/","title":{"rendered":"Kalendarz i jak wygl\u0105daj\u0105 uczucia?"},"content":{"rendered":"<figure class=\"wp-block-image size-large\"><img loading=\"lazy\" decoding=\"async\" width=\"1024\" height=\"683\" src=\"https:\/\/olaciernioch.com\/wp-content\/uploads\/2023\/10\/DSC_0780-1024x683.jpg\" alt=\"\" class=\"wp-image-326\" srcset=\"https:\/\/olaciernioch.com\/wp-content\/uploads\/2023\/10\/DSC_0780-1024x683.jpg 1024w, https:\/\/olaciernioch.com\/wp-content\/uploads\/2023\/10\/DSC_0780-300x200.jpg 300w, https:\/\/olaciernioch.com\/wp-content\/uploads\/2023\/10\/DSC_0780-768x512.jpg 768w, https:\/\/olaciernioch.com\/wp-content\/uploads\/2023\/10\/DSC_0780-1536x1024.jpg 1536w, https:\/\/olaciernioch.com\/wp-content\/uploads\/2023\/10\/DSC_0780-2048x1365.jpg 2048w, https:\/\/olaciernioch.com\/wp-content\/uploads\/2023\/10\/DSC_0780-18x12.jpg 18w, https:\/\/olaciernioch.com\/wp-content\/uploads\/2023\/10\/DSC_0780-1320x880.jpg 1320w, https:\/\/olaciernioch.com\/wp-content\/uploads\/2023\/10\/DSC_0780-600x400.jpg 600w\" sizes=\"auto, (max-width: 1024px) 100vw, 1024px\" \/><\/figure>\n\n\n\n<p>Stworzenie kalendarza to moje marzenie od kilku lat. Gdy my\u015bla\u0142am jak zilustrowa\u0107 kolejne miesi\u0105ce, zacz\u0119\u0142am si\u0119 zastanawia\u0107 jak si\u0119 wtedy czuj\u0119. O czym dla mnie jest luty, a o czym wrzesie\u0144? I jak wygl\u0105daj\u0105 te uczucia?<\/p>\n\n\n\n<p>Stycze\u0144 jest o wygl\u0105daniu nowego, nowych pocz\u0105tkach. O tej pierwszej, troch\u0119 magicznej noworocznej nocy i kolejnych dniach w niedowierzaniu, \u017ce nast\u0105pi\u0142 kolejny rok.<\/p>\n\n\n\n<p>Luty to troch\u0119 wi\u0119cej spokoju, czasem przymrozki, czasem b\u0142oto. Dni s\u0105 nadal kr\u00f3tkie, s\u0142o\u0144ce tak bardzo upragnione. Przypomina mi si\u0119 wtedy \u201cZima Mumink\u00f3w\u201d i sama si\u0119 czuj\u0119 czasem jak troll, kt\u00f3ry obudzi\u0142 si\u0119 za wcze\u015bnie. Kupuj\u0119 wtedy za du\u017co nasion i staram si\u0119 wierzy\u0107, \u017ce zakwitn\u0105 kt\u00f3rego\u015b dnia.<\/p>\n\n\n\n<p>Marzec to blado\u015b\u0107, zm\u0119czenie, ale i nowe, intensywne \u015bwiat\u0142o. S\u0142o\u0144ce, jeszcze pod niskim k\u0105tem, wpada ostro przez okna i o\u015bwietla po-zimowy kurz. T\u0119sknota. Co roku czytam albo ogl\u0105dam wtedy \u201cTajemniczy ogr\u00f3d\u201d.<\/p>\n\n\n\n<p>Kwiecie\u0144 - rado\u015b\u0107, \u017ce to wreszcie ju\u017c, teraz to ju\u017c naprawd\u0119 przysz\u0142a wiosna. Spacery, ptaki, wiosenne porz\u0105dki. Czu\u0107, \u017ce ziemia inaczej pachnie, znowu \u017cyciem.<\/p>\n\n\n\n<p>Maj - chwila oddechu, zachwytu. Kwitn\u0105 kasztanowce i bzy. Podeschni\u0119te ka\u0142u\u017ce obtoczone jaskrawym py\u0142kiem sosny i og\u00f3lna zielono\u015b\u0107, intensywno\u015b\u0107.<\/p>\n\n\n\n<p>Czerwiec - rado\u015b\u0107 i ulga, wolno\u015b\u0107, zapach kwitn\u0105cych \u017cywop\u0142ot\u00f3w z ligustru*, je\u017cyki nad blokiem i szare, kwadratowe p\u0142ytki chodnikowe w drodze na zako\u0144czenie roku szkolnego. (*Ligustrum vulgare)<\/p>\n\n\n\n<p>Lipiec - swoboda, pe\u0142nia, obfito\u015b\u0107, wygrzewanie si\u0119 w s\u0142o\u0144cu. My\u015bl\u0119 o ciep\u0142ym piasku i truskawkowym smoothie ze s\u0142omk\u0105.<\/p>\n\n\n\n<p>Sierpie\u0144 - dla mnie jest o ko\u0144cu czego\u015b, stracie. Z p\u00f3l \u015bcina si\u0119 zbo\u017ce. Miasto jest zm\u0119czone upa\u0142em. Ptaki zaczynaj\u0105 odlatywa\u0107 na zim\u0119 - na niebie s\u0142ycha\u0107 klucze g\u0119si. Ale to te\u017c zachwyt, chwytanie pi\u0119kna na zapas, i te wszystkie jasne, ciep\u0142e noce.<\/p>\n\n\n\n<p>Wrzesie\u0144 - powietrze pachnie inaczej, czu\u0107 wiatr i now\u0105 energi\u0119 - b\u0119d\u0105 zmiany. Zapach jab\u0142ek daje mi poczucie bycia we w\u0142a\u015bciwym miejscu. Dla mnie to jesieni\u0105 tak naprawd\u0119 zaczyna si\u0119 rok.<\/p>\n\n\n\n<p>Pa\u017adziernik - dla mnie jest o balansowaniu, szukaniu rytm\u00f3w. O zbieraniu i budowaniu. I o ludzikach z kasztan\u00f3w.<\/p>\n\n\n\n<p>Listopad - czas spowolnienia, nostalgii i otulenia mg\u0142\u0105. Zamy\u015blenie i li\u015bcie rozmok\u0142e w deszczu.<\/p>\n\n\n\n<p>Grudzie\u0144 - Zamykanie spraw, oddawanie wypo\u017cyczonych ksi\u0105\u017cek, planowanie i przyjemne oczekiwanie. Zapach \u015bwierku, \u015bwiate\u0142ka, czary. R\u00f3wnonoc. Wygl\u0105danie kolejnego roku z nadziej\u0105 na nowy pocz\u0105tek.<\/p>\n\n\n\n<p>O czym dla Ciebie b\u0119d\u0105 nadchodz\u0105ce miesi\u0105ce?<\/p>\n\n\n\n<p>\u017bycz\u0119 Ci, \u017ceby by\u0142o w nich du\u017co ma\u0142ych zachwyt\u00f3w i moment\u00f3w na zatrzymanie si\u0119 na chwil\u0119.<\/p>\n\n\n\n<p>M\u00f3j nowy kalendarz na 2024 rok jest ju\u017c <a href=\"https:\/\/olaciernioch.com\/product\/2024-calendar\/\">dost\u0119pny w sekcji sklep<\/a>!<\/p>\n\n\n\n<figure class=\"wp-block-image size-large is-resized\"><img loading=\"lazy\" decoding=\"async\" width=\"683\" height=\"1024\" src=\"https:\/\/olaciernioch.com\/wp-content\/uploads\/2023\/10\/DSC_0766-small-1-683x1024.jpg\" alt=\"\" class=\"wp-image-327\" style=\"aspect-ratio:0.6669921875;width:553px;height:auto\" srcset=\"https:\/\/olaciernioch.com\/wp-content\/uploads\/2023\/10\/DSC_0766-small-1-683x1024.jpg 683w, https:\/\/olaciernioch.com\/wp-content\/uploads\/2023\/10\/DSC_0766-small-1-200x300.jpg 200w, https:\/\/olaciernioch.com\/wp-content\/uploads\/2023\/10\/DSC_0766-small-1-768x1152.jpg 768w, https:\/\/olaciernioch.com\/wp-content\/uploads\/2023\/10\/DSC_0766-small-1-1024x1536.jpg 1024w, https:\/\/olaciernioch.com\/wp-content\/uploads\/2023\/10\/DSC_0766-small-1-1365x2048.jpg 1365w, https:\/\/olaciernioch.com\/wp-content\/uploads\/2023\/10\/DSC_0766-small-1-8x12.jpg 8w, https:\/\/olaciernioch.com\/wp-content\/uploads\/2023\/10\/DSC_0766-small-1-1320x1980.jpg 1320w, https:\/\/olaciernioch.com\/wp-content\/uploads\/2023\/10\/DSC_0766-small-1-600x900.jpg 600w, https:\/\/olaciernioch.com\/wp-content\/uploads\/2023\/10\/DSC_0766-small-1-scaled.jpg 1707w\" sizes=\"auto, (max-width: 683px) 100vw, 683px\" \/><\/figure>","protected":false},"excerpt":{"rendered":"<p>Creating a calendar has been my dream for several years. When I was thinking about how to illustrate specific months, I started to think about how I felt then. What are February and September about for me? And what do those feelings look like? January is about looking for new things, new beginnings. About that [&hellip;]<\/p>","protected":false},"author":2,"featured_media":325,"comment_status":"closed","ping_status":"closed","sticky":false,"template":"","format":"standard","meta":{"footnotes":""},"categories":[92],"tags":[93,104,103,95],"class_list":["post-324","post","type-post","status-publish","format-standard","has-post-thumbnail","hentry","category-artwork","tag-calendar","tag-druki","tag-kalendarz","tag-print"],"_links":{"self":[{"href":"https:\/\/olaciernioch.com\/pl\/wp-json\/wp\/v2\/posts\/324","targetHints":{"allow":["GET"]}}],"collection":[{"href":"https:\/\/olaciernioch.com\/pl\/wp-json\/wp\/v2\/posts"}],"about":[{"href":"https:\/\/olaciernioch.com\/pl\/wp-json\/wp\/v2\/types\/post"}],"author":[{"embeddable":true,"href":"https:\/\/olaciernioch.com\/pl\/wp-json\/wp\/v2\/users\/2"}],"replies":[{"embeddable":true,"href":"https:\/\/olaciernioch.com\/pl\/wp-json\/wp\/v2\/comments?post=324"}],"version-history":[{"count":14,"href":"https:\/\/olaciernioch.com\/pl\/wp-json\/wp\/v2\/posts\/324\/revisions"}],"predecessor-version":[{"id":606,"href":"https:\/\/olaciernioch.com\/pl\/wp-json\/wp\/v2\/posts\/324\/revisions\/606"}],"wp:featuredmedia":[{"embeddable":true,"href":"https:\/\/olaciernioch.com\/pl\/wp-json\/wp\/v2\/media\/325"}],"wp:attachment":[{"href":"https:\/\/olaciernioch.com\/pl\/wp-json\/wp\/v2\/media?parent=324"}],"wp:term":[{"taxonomy":"category","embeddable":true,"href":"https:\/\/olaciernioch.com\/pl\/wp-json\/wp\/v2\/categories?post=324"},{"taxonomy":"post_tag","embeddable":true,"href":"https:\/\/olaciernioch.com\/pl\/wp-json\/wp\/v2\/tags?post=324"}],"curies":[{"name":"wp","href":"https:\/\/api.w.org\/{rel}","templated":true}]}}